{"id":1021,"date":"2026-03-17T09:49:09","date_gmt":"2026-03-17T07:49:09","guid":{"rendered":"https:\/\/sankt-dankt.at\/?p=1021"},"modified":"2026-03-17T12:44:26","modified_gmt":"2026-03-17T10:44:26","slug":"third-stage-of-the-exterior-renovation-of-st-polten-cathedral","status":"publish","type":"post","link":"https:\/\/sankt-dankt.at\/en\/news\/dritte-etappe-der-aussenrenovierung-am-dom-zu-st-polten\/","title":{"rendered":"Third stage of the exterior renovation of St. P\u00f6lten Cathedral"},"content":{"rendered":"<section id='lightpress__section--block_96668cc80e5098bb9cbb55fa8fe48f3e' class='lightpress__section--default-section-space lightpress__section lightpress__section--wysiwyg' data-scroll-section><div class=\"wysiwyg-columns wysiwyg-columns-- wysiwyg-columns--1\">\n            <div class=\"wysiwyg-columns__content\" data-aos=\"fade-right\"\n             data-aos-once=\"true\">\n                            <p>Mit der <strong>dritten Etappe<\/strong> erreicht die <strong>Au\u00dfenrenovierung des Doms zu St. P\u00f6lten<\/strong> ihre bislang umfangreichste Phase. Die Arbeiten umfassen die Restaurierung der Nord- und S\u00fcdfassade sowie die Erneuerung des Daches des Langhauses. Nach Ostern werden die Domfassaden einger\u00fcstet. Der Abschluss der Arbeiten ist vor dem 11. September 2026 geplant, an dem ein Konzert am Domplatz stattfinden soll. An der Ecke der Stadtbibliothek wird f\u00fcr die Bauarbeiten ein Turmdrehkran errichtet.<\/p>\n\n            \n\n        <\/div>\n    <\/div>\n\n<\/section>\n\n<section id='lightpress__section--block_5fb2b2a7b199599ba4f2dc7d264228b4' class='lightpress__section--default-section-space lightpress__section lightpress__section--image' data-scroll-section><div class=\"image__container\">\n\n            \n<picture class=\"image-wrapper\">\n    <source srcset=\"https:\/\/sankt-dankt.at\/wp-content\/uploads\/Dom_Etappe-2025_Domturm-673x1024.webp\" type=\"image\/webp\">\n    <img decoding=\"async\" class=\"image\" src=\"https:\/\/sankt-dankt.at\/wp-content\/uploads\/Dom_Etappe-2025_Domturm-673x1024.jpg\"\n                  alt=\"Dom_Etappe-2025_Domturm\">\n\n    <\/picture>\n        \n    <\/div>\n<\/section>\n\n<section id='lightpress__section--block_74697cd1f18fb545503e26d3fbf21018' class='lightpress__section--default-section-space lightpress__section lightpress__section--wysiwyg' data-scroll-section><div class=\"wysiwyg-columns wysiwyg-columns-- wysiwyg-columns--1\">\n            <div class=\"wysiwyg-columns__content\" data-aos=\"fade-right\"\n             data-aos-once=\"true\">\n                            <p><span>Ein zentraler Teil der Arbeiten betrifft die <strong>Dachdeckung<\/strong> des Langhauses. Die gesamte Dachfl\u00e4che betr\u00e4gt rund 1100 Quadratmeter und umfasst etwa 36.000 Dachziegel. Davon entfallen rund 300 Quadratmeter auf die Apsis, deren besondere Form es erforderlich macht, jeden einzelnen Ziegel passgenau zuzuschneiden. Die neue Dachdeckung wird als \u201eBiberschwanz-Doppeldeckung\u201c ausgef\u00fchrt und farblich auf das benachbarte Bistumsgeb\u00e4ude abgestimmt; vorgesehen ist ein braunroter Ton. Die bestehende Dachdeckung ist rund 100 Jahre alt. Sie wurde im Laufe der Zeit immer wieder stellenweise ausgebessert, hat jedoch insgesamt das Ende ihrer Lebensdauer erreicht.<\/span><\/p>\n<p>\u00a0<\/p>\n<p>Im Zuge der Zimmermannsarbeiten wird der Dachstuhl genauer \u00fcberpr\u00fcft. Nach derzeitiger Einsch\u00e4tzung befindet er sich in gutem Zustand. Die Dachlattung und die Schalungen werden jedoch erneuert. Erst nach der Entfernung der alten Dachdeckung wird sich zeigen, ob und in welchem Ausma\u00df zus\u00e4tzliche Sch\u00e4den vorhanden sind.<\/p>\n\n            \n\n        <\/div>\n    <\/div>\n\n<\/section>\n\n<section id='lightpress__section--block_bb5c91b062480d3ba04d67a1211b1113' class='lightpress__section--default-section-space lightpress__section lightpress__section--image' data-scroll-section><div class=\"image__container\">\n\n            \n<picture class=\"image-wrapper\">\n    <source srcset=\"https:\/\/sankt-dankt.at\/wp-content\/uploads\/Dom_Etappe-2026_Dach-768x1024.webp\" type=\"image\/webp\">\n    <img decoding=\"async\" class=\"image\" src=\"https:\/\/sankt-dankt.at\/wp-content\/uploads\/Dom_Etappe-2026_Dach-768x1024.jpg\"\n                  alt=\"Dom_Etappe-2026_Dach\">\n\n    <\/picture>\n        \n    <\/div>\n<\/section>\n\n<section id='lightpress__section--block_1e7a082cfb9fd89fdb7995aec6515dd5' class='lightpress__section--default-section-space lightpress__section lightpress__section--wysiwyg' data-scroll-section><div class=\"wysiwyg-columns wysiwyg-columns-- wysiwyg-columns--1\">\n            <div class=\"wysiwyg-columns__content\" data-aos=\"fade-right\"\n             data-aos-once=\"true\">\n                            <p>Auch Spenglerarbeiten sind vorgesehen. Das bestehende <strong>Kupferblech<\/strong> ist gr\u00f6\u00dftenteils in gutem Zustand und wird \u2013 soweit erforderlich \u2013 repariert und weiterverwendet. Eisenblechteile wie Regenrinnen und Fallrohre werden hingegen durch Kupferblech ersetzt. Das Eisenblechdach auf der Nordseite erh\u00e4lt eine neue Beschichtung. Dar\u00fcber hinaus ist eine Reparatur der Fenster geplant, insbesondere der Laternen \u00fcber den Seitenschiffen. Der s\u00fcdseitige Kreuzgang ist jedoch nicht Teil dieser Bauetappe.<\/p>\n\n            \n\n        <\/div>\n    <\/div>\n\n<\/section>\n\n<section id='lightpress__section--block_6fc29ec2c6c55299cdfd56872f47722e' class='lightpress__section--full-width lightpress__section--default-section-space lightpress__section lightpress__section--image-slider' data-scroll-section>\n<div class=\"image-slider\"\n     x-data=\"{ gallery: null, shown: false }\"\n     x-init=\"gallery = initSliderGallery([{&quot;href&quot;:&quot;https:\\\/\\\/sankt-dankt.at\\\/wp-content\\\/uploads\\\/Dom_Etappe-2026_Nordfassade_Dach-scaled.jpg&quot;,&quot;type&quot;:&quot;image&quot;},{&quot;href&quot;:&quot;https:\\\/\\\/sankt-dankt.at\\\/wp-content\\\/uploads\\\/Dom_Etappe-2026_Suedfassade_Mittelschiff-oben-scaled.jpg&quot;,&quot;type&quot;:&quot;image&quot;}])\">\n    <div class=\"image-slider__inner\">\n        <div class=\"swiper-container\" x-init=\"initImageSliderBlock($el, $refs.btnPrev, $refs.btnNext)\">\n            <div class=\"swiper-wrapper\">\n                                    <div class=\"swiper-slide\">\n                        <div class=\"image-slider__media\">\n                            <img decoding=\"async\" class=\"image-slider__image\"\n                                 src=\"https:\/\/sankt-dankt.at\/wp-content\/uploads\/Dom_Etappe-2026_Nordfassade_Dach-768x1024.jpg\"\n                                 alt=\"Dom_Etappe-2026_Nordfassade_Dach\">\n                        <\/div>\n                    <\/div>\n                                    <div class=\"swiper-slide\">\n                        <div class=\"image-slider__media\">\n                            <img decoding=\"async\" class=\"image-slider__image\"\n                                 src=\"https:\/\/sankt-dankt.at\/wp-content\/uploads\/Dom_Etappe-2026_Suedfassade_Mittelschiff-oben-768x576.jpg\"\n                                 alt=\"Dom_Etappe-2026_S\u00fcdfassade_Mittelschiff-oben\">\n                        <\/div>\n                    <\/div>\n                            <\/div>\n\n            <div class=\"swiper-nav-wrapper\">\n                <button class=\"swiper-button-prev slider-button--prev\" x-ref=\"btnPrev\"\n                        aria-label=\"Vorige Bilder anzeigen\">\n                    <i class=\"fa-light fa-arrow-left-long\"><\/i>\n                <\/button>\n\n\n                \n\n                <button class=\"swiper-button-next slider-button--next\"\n                        x-ref=\"btnNext\"\n                        aria-label=\"N\u00e4chste Bilder anzeigen\">\n                    <i class=\"fa-light fa-arrow-right-long\"><\/i>\n                <\/button>\n            <\/div>\n        <\/div>\n\n            <\/div>\n\n\n<\/div><\/section>\n\n<section id='lightpress__section--block_4c289c83ea4b6fdd8bf938ebcdd08392' class='lightpress__section--default-section-space lightpress__section lightpress__section--wysiwyg' data-scroll-section><div class=\"wysiwyg-columns wysiwyg-columns-- wysiwyg-columns--1\">\n            <div class=\"wysiwyg-columns__content\" data-aos=\"fade-right\"\n             data-aos-once=\"true\">\n                            <p><span>Parallel dazu wird an einem <strong>barrierefreien Zugang zum Dom<\/strong> gearbeitet. Dieses Projekt befindet sich derzeit noch in der Planungsphase. Der Beginn der Umsetzung ist f\u00fcr 2026 vorgesehen. F\u00fcr die konkrete L\u00f6sung sind Abstimmungen mit dem Bundesdenkmalamt sowie mit der Stadt St. P\u00f6lten notwendig. Eine der diskutierten Varianten sieht vor, das Bodenniveau des Domplatzes im Bereich des S\u00fcdeingangs abzusenken, um einen barrierefreien Zugang zum Dom zu erm\u00f6glichen.<\/span><\/p>\n<p>\u00a0<\/p>\n<p><span>Mehr dazu finden Sie auch im <a href=\"https:\/\/on.orf.at\/video\/14315096\/niederoesterreich-heute-vom-13032026\">ORF Beitrag<\/a><\/span><\/p>\n\n            \n\n        <\/div>\n    <\/div>\n\n<\/section>\n\n<section id='lightpress__section--block_fb8e62ec7b9791983a33477510697e7a' class='lightpress__section--default-section-space lightpress__section lightpress__section--image' data-scroll-section><div class=\"image__container\">\n\n            \n<picture class=\"image-wrapper\">\n    <source srcset=\"https:\/\/sankt-dankt.at\/wp-content\/uploads\/Foto-PK-682x1024.webp\" type=\"image\/webp\">\n    <img decoding=\"async\" class=\"image\" src=\"https:\/\/sankt-dankt.at\/wp-content\/uploads\/Foto-PK-682x1024.jpg\" alt=\"Pressekonferenz zur dritten Etappe der Generalsanierung des Sankt P\u00f6ltner Doms\" \/>\n\n    <\/picture>\n        \n    <\/div>\n<\/section>","protected":false},"excerpt":{"rendered":"<p>With the third stage, the exterior renovation of St. P\u00f6lten Cathedral has reached its most extensive phase to date.<\/p>","protected":false},"author":1,"featured_media":1028,"comment_status":"closed","ping_status":"closed","sticky":false,"template":"","format":"standard","meta":{"_acf_changed":false,"footnotes":""},"class_list":["post-1021","post","type-post","status-publish","format-standard","has-post-thumbnail","hentry"],"acf":[],"_links":{"self":[{"href":"https:\/\/sankt-dankt.at\/en\/wp-json\/wp\/v2\/posts\/1021","targetHints":{"allow":["GET"]}}],"collection":[{"href":"https:\/\/sankt-dankt.at\/en\/wp-json\/wp\/v2\/posts"}],"about":[{"href":"https:\/\/sankt-dankt.at\/en\/wp-json\/wp\/v2\/types\/post"}],"author":[{"embeddable":true,"href":"https:\/\/sankt-dankt.at\/en\/wp-json\/wp\/v2\/users\/1"}],"replies":[{"embeddable":true,"href":"https:\/\/sankt-dankt.at\/en\/wp-json\/wp\/v2\/comments?post=1021"}],"version-history":[{"count":5,"href":"https:\/\/sankt-dankt.at\/en\/wp-json\/wp\/v2\/posts\/1021\/revisions"}],"predecessor-version":[{"id":1037,"href":"https:\/\/sankt-dankt.at\/en\/wp-json\/wp\/v2\/posts\/1021\/revisions\/1037"}],"wp:featuredmedia":[{"embeddable":true,"href":"https:\/\/sankt-dankt.at\/en\/wp-json\/wp\/v2\/media\/1028"}],"wp:attachment":[{"href":"https:\/\/sankt-dankt.at\/en\/wp-json\/wp\/v2\/media?parent=1021"}],"curies":[{"name":"wp","href":"https:\/\/api.w.org\/{rel}","templated":true}]}}